{"id":3320,"date":"2022-04-02T17:06:15","date_gmt":"2022-04-02T14:06:15","guid":{"rendered":"https:\/\/rasa.bio\/?p=3320"},"modified":"2022-04-08T06:38:43","modified_gmt":"2022-04-08T03:38:43","slug":"prom-ar-peleko-adas-toni","status":"publish","type":"post","link":"https:\/\/rasa.bio\/en\/prom-ar-peleko-adas-toni\/","title":{"rendered":"Away with gray skin tone"},"content":{"rendered":"<p>In spring, when nature wakes up, we also want to flourish in our beauty. Unfortunately, often after the winter season, a gray tone has crept into the skin, greater dryness and previously unnoticed wrinkles stand out. Skin looks dull and has lost moisture and tone.<\/p>\n<p>In order to wake up your skin in spring, it is important to:<\/p>\n<ol>\n<li>Cleanse, but without using soap;<\/li>\n<li>Do not use hot water, use slightly warm;<\/li>\n<li>To clean the skin, use a gentle scrub (definitely without salt, without sugar, without microplastics, coffee will also be too rough);<\/li>\n<li>After the cleansing step, use regenerating oils and serums;<\/li>\n<li>Use face masks.<\/li>\n<\/ol>\n<p>My spring skin awakening ritual is:<\/p>\n<ol>\n<li>Cryo procedure in the morning for 2 weeks. In the morning, I cleanse my skin with ice cubes containing frozen tea or <a href=\"https:\/\/rasa.bio\/en\/veikals\/kumelisu-ekstrakts\/\">plant extracts<\/a>. After this step, I apply a towel soaked in warm water to my face and keep it for 5 seconds. So I repeated this cold and hot step 3x.<\/li>\n<li>Gentle face scrub with crushed plant particles 1 x a week (<a href=\"https:\/\/rasa.bio\/en\/veikals\/fito-skrubis-sejai\/\">Rasa Botanicals Phyto scrub<\/a>). Plant particles gently clean the top layer of the epidermis.<\/li>\n<li>I applied oil\/serum\/cream on wet face skin. My favorite is grapeseed oil, which is non-greasy, absorbs quickly, and is fantastically moisturizing. I use <a href=\"https:\/\/rasa.bio\/en\/veikals\/masazas-ella\/\">Rasa Botanicals Massage oil - grape seed oil with plants extracts<\/a>.<\/li>\n<li>I use moisturizing fabric masks once a week.<\/li>\n<\/ol>\n<p>Bye, gray tone, tiredness and feeling of dryness! \ud83d\ude09<\/p>","protected":false},"excerpt":{"rendered":"<p>Pavasar\u012b, mostoties dabai, ar\u012b m\u0113s v\u0113lamies atplaukt sav\u0101 skaistum\u0101. Diem\u017e\u0113l bie\u017ei p\u0113c ziemas sezonas \u0101d\u0101 ir iezadzies pel\u0113kais tonis, liel\u0101ks sausums un izce\u013cas iepriek\u0161 nepaman\u012bt\u0101s grumbi\u0146as. \u0100da izskat\u0101s bl\u0101va un ir zaud\u0113jusi mitrumu un tonusu. Lai atmodin\u0101tu pavasar\u012b ar\u012b savu \u0101du svar\u012bgi ir: Att\u012br\u012bt, ta\u010du nelieotot ziepes; Neizmantot karstu \u016bdeni, izmantot viegli siltu; \u0100das att\u012br\u012b\u0161anai [&hellip;]<\/p>\n","protected":false},"author":20,"featured_media":3318,"comment_status":"closed","ping_status":"closed","sticky":false,"template":"","format":"standard","meta":{"site-sidebar-layout":"default","site-content-layout":"default","ast-site-content-layout":"default","site-content-style":"default","site-sidebar-style":"default","ast-global-header-display":"","ast-banner-title-visibility":"","ast-main-header-display":"","ast-hfb-above-header-display":"","ast-hfb-below-header-display":"","ast-hfb-mobile-header-display":"","site-post-title":"","ast-breadcrumbs-content":"","ast-featured-img":"","footer-sml-layout":"","ast-disable-related-posts":"","theme-transparent-header-meta":"default","adv-header-id-meta":"","stick-header-meta":"","header-above-stick-meta":"","header-main-stick-meta":"","header-below-stick-meta":"","astra-migrate-meta-layouts":"default","ast-page-background-enabled":"default","ast-page-background-meta":{"desktop":{"background-color":"","background-image":"","background-repeat":"repeat","background-position":"center center","background-size":"auto","background-attachment":"scroll","background-type":"","background-media":"","overlay-type":"","overlay-color":"","overlay-opacity":"","overlay-gradient":""},"tablet":{"background-color":"","background-image":"","background-repeat":"repeat","background-position":"center center","background-size":"auto","background-attachment":"scroll","background-type":"","background-media":"","overlay-type":"","overlay-color":"","overlay-opacity":"","overlay-gradient":""},"mobile":{"background-color":"","background-image":"","background-repeat":"repeat","background-position":"center center","background-size":"auto","background-attachment":"scroll","background-type":"","background-media":"","overlay-type":"","overlay-color":"","overlay-opacity":"","overlay-gradient":""}},"ast-content-background-meta":{"desktop":{"background-color":"var(--ast-global-color-5)","background-image":"","background-repeat":"repeat","background-position":"center center","background-size":"auto","background-attachment":"scroll","background-type":"","background-media":"","overlay-type":"","overlay-color":"","overlay-opacity":"","overlay-gradient":""},"tablet":{"background-color":"var(--ast-global-color-5)","background-image":"","background-repeat":"repeat","background-position":"center center","background-size":"auto","background-attachment":"scroll","background-type":"","background-media":"","overlay-type":"","overlay-color":"","overlay-opacity":"","overlay-gradient":""},"mobile":{"background-color":"var(--ast-global-color-5)","background-image":"","background-repeat":"repeat","background-position":"center center","background-size":"auto","background-attachment":"scroll","background-type":"","background-media":"","overlay-type":"","overlay-color":"","overlay-opacity":"","overlay-gradient":""}},"footnotes":""},"categories":[],"tags":[],"class_list":["post-3320","post","type-post","status-publish","format-standard","has-post-thumbnail","hentry"],"yoast_head":"<!-- This site is optimized with the Yoast SEO plugin v27.5 - https:\/\/yoast.com\/product\/yoast-seo-wordpress\/ -->\n<title>Prom ar pel\u0113ko \u0101das toni - RASA Botanicals<\/title>\n<meta name=\"robots\" content=\"index, follow, max-snippet:-1, max-image-preview:large, max-video-preview:-1\" \/>\n<link rel=\"canonical\" href=\"https:\/\/rasa.bio\/en\/prom-ar-peleko-adas-toni\/\" \/>\n<meta property=\"og:locale\" content=\"en_GB\" \/>\n<meta property=\"og:type\" content=\"article\" \/>\n<meta property=\"og:title\" content=\"Prom ar pel\u0113ko \u0101das toni - RASA Botanicals\" \/>\n<meta property=\"og:description\" content=\"Pavasar\u012b, mostoties dabai, ar\u012b m\u0113s v\u0113lamies atplaukt sav\u0101 skaistum\u0101. Diem\u017e\u0113l bie\u017ei p\u0113c ziemas sezonas \u0101d\u0101 ir iezadzies pel\u0113kais tonis, liel\u0101ks sausums un izce\u013cas iepriek\u0161 nepaman\u012bt\u0101s grumbi\u0146as. \u0100da izskat\u0101s bl\u0101va un ir zaud\u0113jusi mitrumu un tonusu. Lai atmodin\u0101tu pavasar\u012b ar\u012b savu \u0101du svar\u012bgi ir: Att\u012br\u012bt, ta\u010du nelieotot ziepes; Neizmantot karstu \u016bdeni, izmantot viegli siltu; \u0100das att\u012br\u012b\u0161anai [&hellip;]\" \/>\n<meta property=\"og:url\" content=\"https:\/\/rasa.bio\/en\/prom-ar-peleko-adas-toni\/\" \/>\n<meta property=\"og:site_name\" content=\"RASA Botanicals\" \/>\n<meta property=\"article:published_time\" content=\"2022-04-02T14:06:15+00:00\" \/>\n<meta property=\"article:modified_time\" content=\"2022-04-08T03:38:43+00:00\" \/>\n<meta property=\"og:image\" content=\"https:\/\/rasa.bio\/wp-content\/uploads\/2022\/04\/Peleka-ada.png\" \/>\n\t<meta property=\"og:image:width\" content=\"940\" \/>\n\t<meta property=\"og:image:height\" content=\"788\" \/>\n\t<meta property=\"og:image:type\" content=\"image\/png\" \/>\n<meta name=\"author\" content=\"zane\" \/>\n<meta name=\"twitter:card\" content=\"summary_large_image\" \/>\n<meta name=\"twitter:label1\" content=\"Written by\" \/>\n\t<meta name=\"twitter:data1\" content=\"zane\" \/>\n\t<meta name=\"twitter:label2\" content=\"Estimated reading time\" \/>\n\t<meta name=\"twitter:data2\" content=\"2 minutes\" \/>\n<script type=\"application\/ld+json\" class=\"yoast-schema-graph\">{\"@context\":\"https:\\\/\\\/schema.org\",\"@graph\":[{\"@type\":\"Article\",\"@id\":\"https:\\\/\\\/rasa.bio\\\/prom-ar-peleko-adas-toni\\\/#article\",\"isPartOf\":{\"@id\":\"https:\\\/\\\/rasa.bio\\\/prom-ar-peleko-adas-toni\\\/\"},\"author\":{\"name\":\"zane\",\"@id\":\"https:\\\/\\\/rasa.bio\\\/#\\\/schema\\\/person\\\/f691def97183172a640051276a8ee928\"},\"headline\":\"Prom ar pel\u0113ko \u0101das toni\",\"datePublished\":\"2022-04-02T14:06:15+00:00\",\"dateModified\":\"2022-04-08T03:38:43+00:00\",\"mainEntityOfPage\":{\"@id\":\"https:\\\/\\\/rasa.bio\\\/prom-ar-peleko-adas-toni\\\/\"},\"wordCount\":271,\"publisher\":{\"@id\":\"https:\\\/\\\/rasa.bio\\\/#organization\"},\"image\":{\"@id\":\"https:\\\/\\\/rasa.bio\\\/prom-ar-peleko-adas-toni\\\/#primaryimage\"},\"thumbnailUrl\":\"https:\\\/\\\/rasa.bio\\\/wp-content\\\/uploads\\\/2022\\\/04\\\/Peleka-ada.png\",\"inLanguage\":\"en-GB\"},{\"@type\":\"WebPage\",\"@id\":\"https:\\\/\\\/rasa.bio\\\/prom-ar-peleko-adas-toni\\\/\",\"url\":\"https:\\\/\\\/rasa.bio\\\/prom-ar-peleko-adas-toni\\\/\",\"name\":\"Prom ar pel\u0113ko \u0101das toni - RASA Botanicals\",\"isPartOf\":{\"@id\":\"https:\\\/\\\/rasa.bio\\\/#website\"},\"primaryImageOfPage\":{\"@id\":\"https:\\\/\\\/rasa.bio\\\/prom-ar-peleko-adas-toni\\\/#primaryimage\"},\"image\":{\"@id\":\"https:\\\/\\\/rasa.bio\\\/prom-ar-peleko-adas-toni\\\/#primaryimage\"},\"thumbnailUrl\":\"https:\\\/\\\/rasa.bio\\\/wp-content\\\/uploads\\\/2022\\\/04\\\/Peleka-ada.png\",\"datePublished\":\"2022-04-02T14:06:15+00:00\",\"dateModified\":\"2022-04-08T03:38:43+00:00\",\"inLanguage\":\"en-GB\",\"potentialAction\":[{\"@type\":\"ReadAction\",\"target\":[\"https:\\\/\\\/rasa.bio\\\/prom-ar-peleko-adas-toni\\\/\"]}]},{\"@type\":\"ImageObject\",\"inLanguage\":\"en-GB\",\"@id\":\"https:\\\/\\\/rasa.bio\\\/prom-ar-peleko-adas-toni\\\/#primaryimage\",\"url\":\"https:\\\/\\\/rasa.bio\\\/wp-content\\\/uploads\\\/2022\\\/04\\\/Peleka-ada.png\",\"contentUrl\":\"https:\\\/\\\/rasa.bio\\\/wp-content\\\/uploads\\\/2022\\\/04\\\/Peleka-ada.png\",\"width\":940,\"height\":788},{\"@type\":\"WebSite\",\"@id\":\"https:\\\/\\\/rasa.bio\\\/#website\",\"url\":\"https:\\\/\\\/rasa.bio\\\/\",\"name\":\"RASA Botanicals\",\"description\":\"\",\"publisher\":{\"@id\":\"https:\\\/\\\/rasa.bio\\\/#organization\"},\"potentialAction\":[{\"@type\":\"SearchAction\",\"target\":{\"@type\":\"EntryPoint\",\"urlTemplate\":\"https:\\\/\\\/rasa.bio\\\/?s={search_term_string}\"},\"query-input\":{\"@type\":\"PropertyValueSpecification\",\"valueRequired\":true,\"valueName\":\"search_term_string\"}}],\"inLanguage\":\"en-GB\"},{\"@type\":\"Organization\",\"@id\":\"https:\\\/\\\/rasa.bio\\\/#organization\",\"name\":\"RASA Botanicals\",\"url\":\"https:\\\/\\\/rasa.bio\\\/\",\"logo\":{\"@type\":\"ImageObject\",\"inLanguage\":\"en-GB\",\"@id\":\"https:\\\/\\\/rasa.bio\\\/#\\\/schema\\\/logo\\\/image\\\/\",\"url\":\"https:\\\/\\\/rasa.bio\\\/wp-content\\\/uploads\\\/2021\\\/06\\\/RASA-logo.svg\",\"contentUrl\":\"https:\\\/\\\/rasa.bio\\\/wp-content\\\/uploads\\\/2021\\\/06\\\/RASA-logo.svg\",\"width\":246,\"height\":302,\"caption\":\"RASA Botanicals\"},\"image\":{\"@id\":\"https:\\\/\\\/rasa.bio\\\/#\\\/schema\\\/logo\\\/image\\\/\"}},{\"@type\":\"Person\",\"@id\":\"https:\\\/\\\/rasa.bio\\\/#\\\/schema\\\/person\\\/f691def97183172a640051276a8ee928\",\"name\":\"zane\",\"image\":{\"@type\":\"ImageObject\",\"inLanguage\":\"en-GB\",\"@id\":\"https:\\\/\\\/secure.gravatar.com\\\/avatar\\\/d7c966ccecc179f3809c7d410259856e97e5b7923e7b570cf91bdb1b97506758?s=96&d=mm&r=g\",\"url\":\"https:\\\/\\\/secure.gravatar.com\\\/avatar\\\/d7c966ccecc179f3809c7d410259856e97e5b7923e7b570cf91bdb1b97506758?s=96&d=mm&r=g\",\"contentUrl\":\"https:\\\/\\\/secure.gravatar.com\\\/avatar\\\/d7c966ccecc179f3809c7d410259856e97e5b7923e7b570cf91bdb1b97506758?s=96&d=mm&r=g\",\"caption\":\"zane\"},\"url\":\"https:\\\/\\\/rasa.bio\\\/en\\\/author\\\/zane\\\/\"}]}<\/script>\n<!-- \/ Yoast SEO plugin. -->","yoast_head_json":{"title":"Prom ar pel\u0113ko \u0101das toni - RASA Botanicals","robots":{"index":"index","follow":"follow","max-snippet":"max-snippet:-1","max-image-preview":"max-image-preview:large","max-video-preview":"max-video-preview:-1"},"canonical":"https:\/\/rasa.bio\/en\/prom-ar-peleko-adas-toni\/","og_locale":"en_GB","og_type":"article","og_title":"Prom ar pel\u0113ko \u0101das toni - RASA Botanicals","og_description":"Pavasar\u012b, mostoties dabai, ar\u012b m\u0113s v\u0113lamies atplaukt sav\u0101 skaistum\u0101. Diem\u017e\u0113l bie\u017ei p\u0113c ziemas sezonas \u0101d\u0101 ir iezadzies pel\u0113kais tonis, liel\u0101ks sausums un izce\u013cas iepriek\u0161 nepaman\u012bt\u0101s grumbi\u0146as. \u0100da izskat\u0101s bl\u0101va un ir zaud\u0113jusi mitrumu un tonusu. Lai atmodin\u0101tu pavasar\u012b ar\u012b savu \u0101du svar\u012bgi ir: Att\u012br\u012bt, ta\u010du nelieotot ziepes; Neizmantot karstu \u016bdeni, izmantot viegli siltu; \u0100das att\u012br\u012b\u0161anai [&hellip;]","og_url":"https:\/\/rasa.bio\/en\/prom-ar-peleko-adas-toni\/","og_site_name":"RASA Botanicals","article_published_time":"2022-04-02T14:06:15+00:00","article_modified_time":"2022-04-08T03:38:43+00:00","og_image":[{"width":940,"height":788,"url":"https:\/\/rasa.bio\/wp-content\/uploads\/2022\/04\/Peleka-ada.png","type":"image\/png"}],"author":"zane","twitter_card":"summary_large_image","twitter_misc":{"Written by":"zane","Estimated reading time":"2 minutes"},"schema":{"@context":"https:\/\/schema.org","@graph":[{"@type":"Article","@id":"https:\/\/rasa.bio\/prom-ar-peleko-adas-toni\/#article","isPartOf":{"@id":"https:\/\/rasa.bio\/prom-ar-peleko-adas-toni\/"},"author":{"name":"zane","@id":"https:\/\/rasa.bio\/#\/schema\/person\/f691def97183172a640051276a8ee928"},"headline":"Prom ar pel\u0113ko \u0101das toni","datePublished":"2022-04-02T14:06:15+00:00","dateModified":"2022-04-08T03:38:43+00:00","mainEntityOfPage":{"@id":"https:\/\/rasa.bio\/prom-ar-peleko-adas-toni\/"},"wordCount":271,"publisher":{"@id":"https:\/\/rasa.bio\/#organization"},"image":{"@id":"https:\/\/rasa.bio\/prom-ar-peleko-adas-toni\/#primaryimage"},"thumbnailUrl":"https:\/\/rasa.bio\/wp-content\/uploads\/2022\/04\/Peleka-ada.png","inLanguage":"en-GB"},{"@type":"WebPage","@id":"https:\/\/rasa.bio\/prom-ar-peleko-adas-toni\/","url":"https:\/\/rasa.bio\/prom-ar-peleko-adas-toni\/","name":"Prom ar pel\u0113ko \u0101das toni - RASA Botanicals","isPartOf":{"@id":"https:\/\/rasa.bio\/#website"},"primaryImageOfPage":{"@id":"https:\/\/rasa.bio\/prom-ar-peleko-adas-toni\/#primaryimage"},"image":{"@id":"https:\/\/rasa.bio\/prom-ar-peleko-adas-toni\/#primaryimage"},"thumbnailUrl":"https:\/\/rasa.bio\/wp-content\/uploads\/2022\/04\/Peleka-ada.png","datePublished":"2022-04-02T14:06:15+00:00","dateModified":"2022-04-08T03:38:43+00:00","inLanguage":"en-GB","potentialAction":[{"@type":"ReadAction","target":["https:\/\/rasa.bio\/prom-ar-peleko-adas-toni\/"]}]},{"@type":"ImageObject","inLanguage":"en-GB","@id":"https:\/\/rasa.bio\/prom-ar-peleko-adas-toni\/#primaryimage","url":"https:\/\/rasa.bio\/wp-content\/uploads\/2022\/04\/Peleka-ada.png","contentUrl":"https:\/\/rasa.bio\/wp-content\/uploads\/2022\/04\/Peleka-ada.png","width":940,"height":788},{"@type":"WebSite","@id":"https:\/\/rasa.bio\/#website","url":"https:\/\/rasa.bio\/","name":"RASA Botanicals","description":"","publisher":{"@id":"https:\/\/rasa.bio\/#organization"},"potentialAction":[{"@type":"SearchAction","target":{"@type":"EntryPoint","urlTemplate":"https:\/\/rasa.bio\/?s={search_term_string}"},"query-input":{"@type":"PropertyValueSpecification","valueRequired":true,"valueName":"search_term_string"}}],"inLanguage":"en-GB"},{"@type":"Organization","@id":"https:\/\/rasa.bio\/#organization","name":"RASA Botanicals","url":"https:\/\/rasa.bio\/","logo":{"@type":"ImageObject","inLanguage":"en-GB","@id":"https:\/\/rasa.bio\/#\/schema\/logo\/image\/","url":"https:\/\/rasa.bio\/wp-content\/uploads\/2021\/06\/RASA-logo.svg","contentUrl":"https:\/\/rasa.bio\/wp-content\/uploads\/2021\/06\/RASA-logo.svg","width":246,"height":302,"caption":"RASA Botanicals"},"image":{"@id":"https:\/\/rasa.bio\/#\/schema\/logo\/image\/"}},{"@type":"Person","@id":"https:\/\/rasa.bio\/#\/schema\/person\/f691def97183172a640051276a8ee928","name":"zane","image":{"@type":"ImageObject","inLanguage":"en-GB","@id":"https:\/\/secure.gravatar.com\/avatar\/d7c966ccecc179f3809c7d410259856e97e5b7923e7b570cf91bdb1b97506758?s=96&d=mm&r=g","url":"https:\/\/secure.gravatar.com\/avatar\/d7c966ccecc179f3809c7d410259856e97e5b7923e7b570cf91bdb1b97506758?s=96&d=mm&r=g","contentUrl":"https:\/\/secure.gravatar.com\/avatar\/d7c966ccecc179f3809c7d410259856e97e5b7923e7b570cf91bdb1b97506758?s=96&d=mm&r=g","caption":"zane"},"url":"https:\/\/rasa.bio\/en\/author\/zane\/"}]}},"_links":{"self":[{"href":"https:\/\/rasa.bio\/en\/wp-json\/wp\/v2\/posts\/3320","targetHints":{"allow":["GET"]}}],"collection":[{"href":"https:\/\/rasa.bio\/en\/wp-json\/wp\/v2\/posts"}],"about":[{"href":"https:\/\/rasa.bio\/en\/wp-json\/wp\/v2\/types\/post"}],"author":[{"embeddable":true,"href":"https:\/\/rasa.bio\/en\/wp-json\/wp\/v2\/users\/20"}],"replies":[{"embeddable":true,"href":"https:\/\/rasa.bio\/en\/wp-json\/wp\/v2\/comments?post=3320"}],"version-history":[{"count":4,"href":"https:\/\/rasa.bio\/en\/wp-json\/wp\/v2\/posts\/3320\/revisions"}],"predecessor-version":[{"id":3326,"href":"https:\/\/rasa.bio\/en\/wp-json\/wp\/v2\/posts\/3320\/revisions\/3326"}],"wp:featuredmedia":[{"embeddable":true,"href":"https:\/\/rasa.bio\/en\/wp-json\/wp\/v2\/media\/3318"}],"wp:attachment":[{"href":"https:\/\/rasa.bio\/en\/wp-json\/wp\/v2\/media?parent=3320"}],"wp:term":[{"taxonomy":"category","embeddable":true,"href":"https:\/\/rasa.bio\/en\/wp-json\/wp\/v2\/categories?post=3320"},{"taxonomy":"post_tag","embeddable":true,"href":"https:\/\/rasa.bio\/en\/wp-json\/wp\/v2\/tags?post=3320"}],"curies":[{"name":"wp","href":"https:\/\/api.w.org\/{rel}","templated":true}]}}